{"id":589,"date":"2016-05-01T12:00:41","date_gmt":"2016-05-01T10:00:41","guid":{"rendered":"https:\/\/www.brainybiz.com\/pub2\/?p=589"},"modified":"2022-03-06T13:37:06","modified_gmt":"2022-03-06T12:37:06","slug":"creation-de-federation-suisse-de-domotique","status":"publish","type":"post","link":"https:\/\/www.brainyhouse.com\/pub2\/creation-de-federation-suisse-de-domotique\/","title":{"rendered":"Cr\u00e9ation de la F\u00e9d\u00e9ration Suisse de Domotique"},"content":{"rendered":"\n<p class=\"wp-block-paragraph\">Le 5 Avril 2016 a eu lieu la toute premi\u00e8re Assembl\u00e9e G\u00e9n\u00e9rale de la F\u00e9d\u00e9ration Suisse de Domotique, o\u00f9 les membres fondateurs ont indiqu\u00e9 leur volont\u00e9 de promouvoir la domotique en Suisse, aupr\u00e8s des utilisateurs, professionnels et collectivit\u00e9s.<\/p>\n\n\n\n<p class=\"wp-block-paragraph\">Cette mission s&rsquo;organise autour de 3 axes :<\/p>\n\n\n\n<h2 class=\"wp-block-heading\"><strong>Sensibiliser<\/strong><\/h2>\n\n\n\n<p class=\"wp-block-paragraph\">Animation de conf\u00e9rences, salons, workshop<br>Repr\u00e9sentation dans les diff\u00e9rents m\u00e9dias<br>Actions p\u00e9dagogique pour promouvoir les int\u00e9r\u00eats de la domotique pour les utilisateurs<\/p>\n\n\n\n<h2 class=\"wp-block-heading\"><strong>Animer<\/strong><\/h2>\n\n\n\n<p class=\"wp-block-paragraph\">Partager les bonnes pratiques<br>Veille sur l\u2019environnement technologique, \u00e9conomique, juridique<br>F\u00e9d\u00e9rer un r\u00e9seau de professionnels certifi\u00e9s<\/p>\n\n\n\n<h2 class=\"wp-block-heading\"><strong>Accompagner<\/strong><\/h2>\n\n\n\n<p class=\"wp-block-paragraph\">Mise en relation des porteurs de projets avec les professionnels<br>Sensibiliser les acteurs de la construction aux avantages de l&rsquo;automatisation du b\u00e2timent<br>Cr\u00e9er un label de qualit\u00e9 \u00ab\u00a0swiss home automation\u00a0\u00bb<\/p>\n\n\n\n<p class=\"wp-block-paragraph\">Brainybiz est l&rsquo;un des membres fondateurs de l&rsquo;association.&nbsp;Plus d&rsquo;information sur la <a href=\"https:\/\/www.fsdomotique.ch\" target=\"_blank\" rel=\"alternate noopener\">fsdomotique<\/a>.<\/p>\n","protected":false},"excerpt":{"rendered":"<p>Le 5 Avril 2016 a eu lieu la toute premi\u00e8re Assembl\u00e9e G\u00e9n\u00e9rale de la F\u00e9d\u00e9ration Suisse de Domotique, o\u00f9 les membres fondateurs ont indiqu\u00e9 leur volont\u00e9 de promouvoir la domotique en Suisse, aupr\u00e8s des utilisateurs, professionnels et collectivit\u00e9s.<\/p>\n","protected":false},"author":3,"featured_media":352214,"comment_status":"open","ping_status":"open","sticky":false,"template":"","format":"standard","meta":{"ocean_front_end_style_editor":"no","ocean_post_layout":"","ocean_both_sidebars_style":"","ocean_both_sidebars_content_width":0,"ocean_both_sidebars_sidebars_width":0,"ocean_sidebar":"0","ocean_second_sidebar":"0","ocean_disable_margins":"enable","ocean_add_body_class":"","ocean_shortcode_before_top_bar":"","ocean_shortcode_after_top_bar":"","ocean_shortcode_before_header":"","ocean_shortcode_after_header":"","ocean_has_shortcode":"","ocean_shortcode_after_title":"","ocean_shortcode_before_footer_widgets":"","ocean_shortcode_after_footer_widgets":"","ocean_shortcode_before_footer_bottom":"","ocean_shortcode_after_footer_bottom":"","ocean_display_top_bar":"default","ocean_display_header":"default","ocean_header_style":"","ocean_center_header_left_menu":"0","ocean_custom_header_template":"0","ocean_custom_logo":0,"ocean_custom_retina_logo":0,"ocean_custom_logo_max_width":0,"ocean_custom_logo_tablet_max_width":0,"ocean_custom_logo_mobile_max_width":0,"ocean_custom_logo_max_height":0,"ocean_custom_logo_tablet_max_height":0,"ocean_custom_logo_mobile_max_height":0,"ocean_header_custom_menu":"0","ocean_menu_typo_font_family":"0","ocean_menu_typo_font_subset":"","ocean_menu_typo_font_size":0,"ocean_menu_typo_font_size_tablet":0,"ocean_menu_typo_font_size_mobile":0,"ocean_menu_typo_font_size_unit":"px","ocean_menu_typo_font_weight":"","ocean_menu_typo_font_weight_tablet":"","ocean_menu_typo_font_weight_mobile":"","ocean_menu_typo_transform":"","ocean_menu_typo_transform_tablet":"","ocean_menu_typo_transform_mobile":"","ocean_menu_typo_line_height":0,"ocean_menu_typo_line_height_tablet":0,"ocean_menu_typo_line_height_mobile":0,"ocean_menu_typo_line_height_unit":"","ocean_menu_typo_spacing":0,"ocean_menu_typo_spacing_tablet":0,"ocean_menu_typo_spacing_mobile":0,"ocean_menu_typo_spacing_unit":"","ocean_menu_link_color":"","ocean_menu_link_color_hover":"","ocean_menu_link_color_active":"","ocean_menu_link_background":"","ocean_menu_link_hover_background":"","ocean_menu_link_active_background":"","ocean_menu_social_links_bg":"","ocean_menu_social_hover_links_bg":"","ocean_menu_social_links_color":"","ocean_menu_social_hover_links_color":"","ocean_disable_title":"default","ocean_disable_heading":"default","ocean_post_title":"","ocean_post_subheading":"","ocean_post_title_style":"","ocean_post_title_background_color":"","ocean_post_title_background":0,"ocean_post_title_bg_image_position":"","ocean_post_title_bg_image_attachment":"","ocean_post_title_bg_image_repeat":"","ocean_post_title_bg_image_size":"","ocean_post_title_height":0,"ocean_post_title_bg_overlay":0.5,"ocean_post_title_bg_overlay_color":"","ocean_disable_breadcrumbs":"default","ocean_breadcrumbs_color":"","ocean_breadcrumbs_separator_color":"","ocean_breadcrumbs_links_color":"","ocean_breadcrumbs_links_hover_color":"","ocean_display_footer_widgets":"default","ocean_display_footer_bottom":"default","ocean_custom_footer_template":"0","ocean_post_oembed":"","ocean_post_self_hosted_media":"","ocean_post_video_embed":"","ocean_link_format":"","ocean_link_format_target":"self","ocean_quote_format":"","ocean_quote_format_link":"post","ocean_gallery_link_images":"off","ocean_gallery_id":[],"footnotes":""},"categories":[50],"tags":[],"class_list":["post-589","post","type-post","status-publish","format-standard","has-post-thumbnail","hentry","category-news-domotique","entry","has-media"],"yoast_head":"<!-- This site is optimized with the Yoast SEO plugin v28.4 - https:\/\/yoast.com\/product\/yoast-seo-wordpress\/ -->\n<title>Cr\u00e9ation de la F\u00e9d\u00e9ration Suisse de Domotique - Brainyhouse, la domotique adapt\u00e9 \u00e0 votre habitat<\/title>\n<meta name=\"robots\" content=\"index, follow, max-snippet:-1, max-image-preview:large, max-video-preview:-1\" \/>\n<link rel=\"canonical\" href=\"https:\/\/www.brainyhouse.com\/pub2\/creation-de-federation-suisse-de-domotique\/\" \/>\n<meta property=\"og:locale\" content=\"fr_FR\" \/>\n<meta property=\"og:type\" content=\"article\" \/>\n<meta property=\"og:title\" content=\"Cr\u00e9ation de la F\u00e9d\u00e9ration Suisse de Domotique - Brainyhouse, la domotique adapt\u00e9 \u00e0 votre habitat\" \/>\n<meta property=\"og:description\" content=\"Le 5 Avril 2016 a eu lieu la toute premi\u00e8re Assembl\u00e9e G\u00e9n\u00e9rale de la F\u00e9d\u00e9ration Suisse de Domotique, o\u00f9 les membres fondateurs ont indiqu\u00e9 leur volont\u00e9 de promouvoir la domotique en Suisse, aupr\u00e8s des utilisateurs, professionnels et collectivit\u00e9s.\" \/>\n<meta property=\"og:url\" content=\"https:\/\/www.brainyhouse.com\/pub2\/creation-de-federation-suisse-de-domotique\/\" \/>\n<meta property=\"og:site_name\" content=\"Brainyhouse, la domotique adapt\u00e9 \u00e0 votre habitat\" \/>\n<meta property=\"article:publisher\" content=\"https:\/\/www.facebook.com\/brainybiz\/\" \/>\n<meta property=\"article:published_time\" content=\"2016-05-01T10:00:41+00:00\" \/>\n<meta property=\"article:modified_time\" content=\"2022-03-06T12:37:06+00:00\" \/>\n<meta property=\"og:image\" content=\"https:\/\/www.brainyhouse.com\/pub2\/wp-content\/uploads\/2016\/05\/logo-federation-suisse-domotique.jpg\" \/>\n\t<meta property=\"og:image:width\" content=\"1200\" \/>\n\t<meta property=\"og:image:height\" content=\"600\" \/>\n\t<meta property=\"og:image:type\" content=\"image\/jpeg\" \/>\n<meta name=\"author\" content=\"publication\" \/>\n<meta name=\"twitter:card\" content=\"summary_large_image\" \/>\n<meta name=\"twitter:creator\" content=\"@brainybiz\" \/>\n<meta name=\"twitter:site\" content=\"@brainybiz\" \/>\n<meta name=\"twitter:label1\" content=\"\u00c9crit par\" \/>\n\t<meta name=\"twitter:data1\" content=\"publication\" \/>\n\t<meta name=\"twitter:label2\" content=\"Dur\u00e9e de lecture estim\u00e9e\" \/>\n\t<meta name=\"twitter:data2\" content=\"1 minute\" \/>\n<script type=\"application\/ld+json\" class=\"yoast-schema-graph\">{\"@context\":\"https:\\\/\\\/schema.org\",\"@graph\":[{\"@type\":\"Article\",\"@id\":\"https:\\\/\\\/www.brainyhouse.com\\\/pub2\\\/creation-de-federation-suisse-de-domotique\\\/#article\",\"isPartOf\":{\"@id\":\"https:\\\/\\\/www.brainyhouse.com\\\/pub2\\\/creation-de-federation-suisse-de-domotique\\\/\"},\"author\":{\"name\":\"publication\",\"@id\":\"https:\\\/\\\/www.brainyhouse.com\\\/pub2\\\/#\\\/schema\\\/person\\\/fec413ecd92682cd0dbbb3b181c93545\"},\"headline\":\"Cr\u00e9ation de la F\u00e9d\u00e9ration Suisse de Domotique\",\"datePublished\":\"2016-05-01T10:00:41+00:00\",\"dateModified\":\"2022-03-06T12:37:06+00:00\",\"mainEntityOfPage\":{\"@id\":\"https:\\\/\\\/www.brainyhouse.com\\\/pub2\\\/creation-de-federation-suisse-de-domotique\\\/\"},\"wordCount\":158,\"commentCount\":0,\"publisher\":{\"@id\":\"https:\\\/\\\/www.brainyhouse.com\\\/pub2\\\/#organization\"},\"image\":{\"@id\":\"https:\\\/\\\/www.brainyhouse.com\\\/pub2\\\/creation-de-federation-suisse-de-domotique\\\/#primaryimage\"},\"thumbnailUrl\":\"https:\\\/\\\/www.brainyhouse.com\\\/pub2\\\/wp-content\\\/uploads\\\/2016\\\/05\\\/logo-federation-suisse-domotique.jpg\",\"articleSection\":[\"News\"],\"inLanguage\":\"fr-FR\",\"potentialAction\":[{\"@type\":\"CommentAction\",\"name\":\"Comment\",\"target\":[\"https:\\\/\\\/www.brainyhouse.com\\\/pub2\\\/creation-de-federation-suisse-de-domotique\\\/#respond\"]}]},{\"@type\":\"WebPage\",\"@id\":\"https:\\\/\\\/www.brainyhouse.com\\\/pub2\\\/creation-de-federation-suisse-de-domotique\\\/\",\"url\":\"https:\\\/\\\/www.brainyhouse.com\\\/pub2\\\/creation-de-federation-suisse-de-domotique\\\/\",\"name\":\"Cr\u00e9ation de la F\u00e9d\u00e9ration Suisse de Domotique - Brainyhouse, la domotique adapt\u00e9 \u00e0 votre habitat\",\"isPartOf\":{\"@id\":\"https:\\\/\\\/www.brainyhouse.com\\\/pub2\\\/#website\"},\"primaryImageOfPage\":{\"@id\":\"https:\\\/\\\/www.brainyhouse.com\\\/pub2\\\/creation-de-federation-suisse-de-domotique\\\/#primaryimage\"},\"image\":{\"@id\":\"https:\\\/\\\/www.brainyhouse.com\\\/pub2\\\/creation-de-federation-suisse-de-domotique\\\/#primaryimage\"},\"thumbnailUrl\":\"https:\\\/\\\/www.brainyhouse.com\\\/pub2\\\/wp-content\\\/uploads\\\/2016\\\/05\\\/logo-federation-suisse-domotique.jpg\",\"datePublished\":\"2016-05-01T10:00:41+00:00\",\"dateModified\":\"2022-03-06T12:37:06+00:00\",\"breadcrumb\":{\"@id\":\"https:\\\/\\\/www.brainyhouse.com\\\/pub2\\\/creation-de-federation-suisse-de-domotique\\\/#breadcrumb\"},\"inLanguage\":\"fr-FR\",\"potentialAction\":[{\"@type\":\"ReadAction\",\"target\":[\"https:\\\/\\\/www.brainyhouse.com\\\/pub2\\\/creation-de-federation-suisse-de-domotique\\\/\"]}]},{\"@type\":\"ImageObject\",\"inLanguage\":\"fr-FR\",\"@id\":\"https:\\\/\\\/www.brainyhouse.com\\\/pub2\\\/creation-de-federation-suisse-de-domotique\\\/#primaryimage\",\"url\":\"https:\\\/\\\/www.brainyhouse.com\\\/pub2\\\/wp-content\\\/uploads\\\/2016\\\/05\\\/logo-federation-suisse-domotique.jpg\",\"contentUrl\":\"https:\\\/\\\/www.brainyhouse.com\\\/pub2\\\/wp-content\\\/uploads\\\/2016\\\/05\\\/logo-federation-suisse-domotique.jpg\",\"width\":1200,\"height\":600,\"caption\":\"federation suisse domotique\"},{\"@type\":\"BreadcrumbList\",\"@id\":\"https:\\\/\\\/www.brainyhouse.com\\\/pub2\\\/creation-de-federation-suisse-de-domotique\\\/#breadcrumb\",\"itemListElement\":[{\"@type\":\"ListItem\",\"position\":1,\"name\":\"Accueil\",\"item\":\"https:\\\/\\\/www.brainyhouse.com\\\/pub2\\\/\"},{\"@type\":\"ListItem\",\"position\":2,\"name\":\"Cr\u00e9ation de la F\u00e9d\u00e9ration Suisse de Domotique\"}]},{\"@type\":\"WebSite\",\"@id\":\"https:\\\/\\\/www.brainyhouse.com\\\/pub2\\\/#website\",\"url\":\"https:\\\/\\\/www.brainyhouse.com\\\/pub2\\\/\",\"name\":\"Brainyhouse, la domotique adapt\u00e9 \u00e0 votre habitat\",\"description\":\"le partenaire de votre habitat connect\u00e9 \u00e0 lausanne\",\"publisher\":{\"@id\":\"https:\\\/\\\/www.brainyhouse.com\\\/pub2\\\/#organization\"},\"potentialAction\":[{\"@type\":\"SearchAction\",\"target\":{\"@type\":\"EntryPoint\",\"urlTemplate\":\"https:\\\/\\\/www.brainyhouse.com\\\/pub2\\\/?s={search_term_string}\"},\"query-input\":{\"@type\":\"PropertyValueSpecification\",\"valueRequired\":true,\"valueName\":\"search_term_string\"}}],\"inLanguage\":\"fr-FR\"},{\"@type\":\"Organization\",\"@id\":\"https:\\\/\\\/www.brainyhouse.com\\\/pub2\\\/#organization\",\"name\":\"Brainyhouse\",\"url\":\"https:\\\/\\\/www.brainyhouse.com\\\/pub2\\\/\",\"logo\":{\"@type\":\"ImageObject\",\"inLanguage\":\"fr-FR\",\"@id\":\"https:\\\/\\\/www.brainyhouse.com\\\/pub2\\\/#\\\/schema\\\/logo\\\/image\\\/\",\"url\":\"https:\\\/\\\/www.brainyhouse.com\\\/pub2\\\/wp-content\\\/uploads\\\/2022\\\/02\\\/cropped-logo-brainyhouse-300px.png\",\"contentUrl\":\"https:\\\/\\\/www.brainyhouse.com\\\/pub2\\\/wp-content\\\/uploads\\\/2022\\\/02\\\/cropped-logo-brainyhouse-300px.png\",\"width\":300,\"height\":64,\"caption\":\"Brainyhouse\"},\"image\":{\"@id\":\"https:\\\/\\\/www.brainyhouse.com\\\/pub2\\\/#\\\/schema\\\/logo\\\/image\\\/\"},\"sameAs\":[\"https:\\\/\\\/www.facebook.com\\\/brainybiz\\\/\",\"https:\\\/\\\/x.com\\\/brainybiz\",\"https:\\\/\\\/www.linkedin.com\\\/company-beta\\\/1472093\\\/\"]},{\"@type\":\"Person\",\"@id\":\"https:\\\/\\\/www.brainyhouse.com\\\/pub2\\\/#\\\/schema\\\/person\\\/fec413ecd92682cd0dbbb3b181c93545\",\"name\":\"publication\",\"image\":{\"@type\":\"ImageObject\",\"inLanguage\":\"fr-FR\",\"@id\":\"https:\\\/\\\/secure.gravatar.com\\\/avatar\\\/632b65560bfeb3c5468fc3bed4cf71444084a47157e217f9e350b76bec52d4fa?s=96&d=mm&r=g\",\"url\":\"https:\\\/\\\/secure.gravatar.com\\\/avatar\\\/632b65560bfeb3c5468fc3bed4cf71444084a47157e217f9e350b76bec52d4fa?s=96&d=mm&r=g\",\"contentUrl\":\"https:\\\/\\\/secure.gravatar.com\\\/avatar\\\/632b65560bfeb3c5468fc3bed4cf71444084a47157e217f9e350b76bec52d4fa?s=96&d=mm&r=g\",\"caption\":\"publication\"},\"url\":\"https:\\\/\\\/www.brainyhouse.com\\\/pub2\\\/author\\\/publication\\\/\"}]}<\/script>\n<!-- \/ Yoast SEO plugin. -->","yoast_head_json":{"title":"Cr\u00e9ation de la F\u00e9d\u00e9ration Suisse de Domotique - Brainyhouse, la domotique adapt\u00e9 \u00e0 votre habitat","robots":{"index":"index","follow":"follow","max-snippet":"max-snippet:-1","max-image-preview":"max-image-preview:large","max-video-preview":"max-video-preview:-1"},"canonical":"https:\/\/www.brainyhouse.com\/pub2\/creation-de-federation-suisse-de-domotique\/","og_locale":"fr_FR","og_type":"article","og_title":"Cr\u00e9ation de la F\u00e9d\u00e9ration Suisse de Domotique - Brainyhouse, la domotique adapt\u00e9 \u00e0 votre habitat","og_description":"Le 5 Avril 2016 a eu lieu la toute premi\u00e8re Assembl\u00e9e G\u00e9n\u00e9rale de la F\u00e9d\u00e9ration Suisse de Domotique, o\u00f9 les membres fondateurs ont indiqu\u00e9 leur volont\u00e9 de promouvoir la domotique en Suisse, aupr\u00e8s des utilisateurs, professionnels et collectivit\u00e9s.","og_url":"https:\/\/www.brainyhouse.com\/pub2\/creation-de-federation-suisse-de-domotique\/","og_site_name":"Brainyhouse, la domotique adapt\u00e9 \u00e0 votre habitat","article_publisher":"https:\/\/www.facebook.com\/brainybiz\/","article_published_time":"2016-05-01T10:00:41+00:00","article_modified_time":"2022-03-06T12:37:06+00:00","og_image":[{"width":1200,"height":600,"url":"https:\/\/www.brainyhouse.com\/pub2\/wp-content\/uploads\/2016\/05\/logo-federation-suisse-domotique.jpg","type":"image\/jpeg"}],"author":"publication","twitter_card":"summary_large_image","twitter_creator":"@brainybiz","twitter_site":"@brainybiz","twitter_misc":{"\u00c9crit par":"publication","Dur\u00e9e de lecture estim\u00e9e":"1 minute"},"schema":{"@context":"https:\/\/schema.org","@graph":[{"@type":"Article","@id":"https:\/\/www.brainyhouse.com\/pub2\/creation-de-federation-suisse-de-domotique\/#article","isPartOf":{"@id":"https:\/\/www.brainyhouse.com\/pub2\/creation-de-federation-suisse-de-domotique\/"},"author":{"name":"publication","@id":"https:\/\/www.brainyhouse.com\/pub2\/#\/schema\/person\/fec413ecd92682cd0dbbb3b181c93545"},"headline":"Cr\u00e9ation de la F\u00e9d\u00e9ration Suisse de Domotique","datePublished":"2016-05-01T10:00:41+00:00","dateModified":"2022-03-06T12:37:06+00:00","mainEntityOfPage":{"@id":"https:\/\/www.brainyhouse.com\/pub2\/creation-de-federation-suisse-de-domotique\/"},"wordCount":158,"commentCount":0,"publisher":{"@id":"https:\/\/www.brainyhouse.com\/pub2\/#organization"},"image":{"@id":"https:\/\/www.brainyhouse.com\/pub2\/creation-de-federation-suisse-de-domotique\/#primaryimage"},"thumbnailUrl":"https:\/\/www.brainyhouse.com\/pub2\/wp-content\/uploads\/2016\/05\/logo-federation-suisse-domotique.jpg","articleSection":["News"],"inLanguage":"fr-FR","potentialAction":[{"@type":"CommentAction","name":"Comment","target":["https:\/\/www.brainyhouse.com\/pub2\/creation-de-federation-suisse-de-domotique\/#respond"]}]},{"@type":"WebPage","@id":"https:\/\/www.brainyhouse.com\/pub2\/creation-de-federation-suisse-de-domotique\/","url":"https:\/\/www.brainyhouse.com\/pub2\/creation-de-federation-suisse-de-domotique\/","name":"Cr\u00e9ation de la F\u00e9d\u00e9ration Suisse de Domotique - Brainyhouse, la domotique adapt\u00e9 \u00e0 votre habitat","isPartOf":{"@id":"https:\/\/www.brainyhouse.com\/pub2\/#website"},"primaryImageOfPage":{"@id":"https:\/\/www.brainyhouse.com\/pub2\/creation-de-federation-suisse-de-domotique\/#primaryimage"},"image":{"@id":"https:\/\/www.brainyhouse.com\/pub2\/creation-de-federation-suisse-de-domotique\/#primaryimage"},"thumbnailUrl":"https:\/\/www.brainyhouse.com\/pub2\/wp-content\/uploads\/2016\/05\/logo-federation-suisse-domotique.jpg","datePublished":"2016-05-01T10:00:41+00:00","dateModified":"2022-03-06T12:37:06+00:00","breadcrumb":{"@id":"https:\/\/www.brainyhouse.com\/pub2\/creation-de-federation-suisse-de-domotique\/#breadcrumb"},"inLanguage":"fr-FR","potentialAction":[{"@type":"ReadAction","target":["https:\/\/www.brainyhouse.com\/pub2\/creation-de-federation-suisse-de-domotique\/"]}]},{"@type":"ImageObject","inLanguage":"fr-FR","@id":"https:\/\/www.brainyhouse.com\/pub2\/creation-de-federation-suisse-de-domotique\/#primaryimage","url":"https:\/\/www.brainyhouse.com\/pub2\/wp-content\/uploads\/2016\/05\/logo-federation-suisse-domotique.jpg","contentUrl":"https:\/\/www.brainyhouse.com\/pub2\/wp-content\/uploads\/2016\/05\/logo-federation-suisse-domotique.jpg","width":1200,"height":600,"caption":"federation suisse domotique"},{"@type":"BreadcrumbList","@id":"https:\/\/www.brainyhouse.com\/pub2\/creation-de-federation-suisse-de-domotique\/#breadcrumb","itemListElement":[{"@type":"ListItem","position":1,"name":"Accueil","item":"https:\/\/www.brainyhouse.com\/pub2\/"},{"@type":"ListItem","position":2,"name":"Cr\u00e9ation de la F\u00e9d\u00e9ration Suisse de Domotique"}]},{"@type":"WebSite","@id":"https:\/\/www.brainyhouse.com\/pub2\/#website","url":"https:\/\/www.brainyhouse.com\/pub2\/","name":"Brainyhouse, la domotique adapt\u00e9 \u00e0 votre habitat","description":"le partenaire de votre habitat connect\u00e9 \u00e0 lausanne","publisher":{"@id":"https:\/\/www.brainyhouse.com\/pub2\/#organization"},"potentialAction":[{"@type":"SearchAction","target":{"@type":"EntryPoint","urlTemplate":"https:\/\/www.brainyhouse.com\/pub2\/?s={search_term_string}"},"query-input":{"@type":"PropertyValueSpecification","valueRequired":true,"valueName":"search_term_string"}}],"inLanguage":"fr-FR"},{"@type":"Organization","@id":"https:\/\/www.brainyhouse.com\/pub2\/#organization","name":"Brainyhouse","url":"https:\/\/www.brainyhouse.com\/pub2\/","logo":{"@type":"ImageObject","inLanguage":"fr-FR","@id":"https:\/\/www.brainyhouse.com\/pub2\/#\/schema\/logo\/image\/","url":"https:\/\/www.brainyhouse.com\/pub2\/wp-content\/uploads\/2022\/02\/cropped-logo-brainyhouse-300px.png","contentUrl":"https:\/\/www.brainyhouse.com\/pub2\/wp-content\/uploads\/2022\/02\/cropped-logo-brainyhouse-300px.png","width":300,"height":64,"caption":"Brainyhouse"},"image":{"@id":"https:\/\/www.brainyhouse.com\/pub2\/#\/schema\/logo\/image\/"},"sameAs":["https:\/\/www.facebook.com\/brainybiz\/","https:\/\/x.com\/brainybiz","https:\/\/www.linkedin.com\/company-beta\/1472093\/"]},{"@type":"Person","@id":"https:\/\/www.brainyhouse.com\/pub2\/#\/schema\/person\/fec413ecd92682cd0dbbb3b181c93545","name":"publication","image":{"@type":"ImageObject","inLanguage":"fr-FR","@id":"https:\/\/secure.gravatar.com\/avatar\/632b65560bfeb3c5468fc3bed4cf71444084a47157e217f9e350b76bec52d4fa?s=96&d=mm&r=g","url":"https:\/\/secure.gravatar.com\/avatar\/632b65560bfeb3c5468fc3bed4cf71444084a47157e217f9e350b76bec52d4fa?s=96&d=mm&r=g","contentUrl":"https:\/\/secure.gravatar.com\/avatar\/632b65560bfeb3c5468fc3bed4cf71444084a47157e217f9e350b76bec52d4fa?s=96&d=mm&r=g","caption":"publication"},"url":"https:\/\/www.brainyhouse.com\/pub2\/author\/publication\/"}]}},"_links":{"self":[{"href":"https:\/\/www.brainyhouse.com\/pub2\/wp-json\/wp\/v2\/posts\/589","targetHints":{"allow":["GET"]}}],"collection":[{"href":"https:\/\/www.brainyhouse.com\/pub2\/wp-json\/wp\/v2\/posts"}],"about":[{"href":"https:\/\/www.brainyhouse.com\/pub2\/wp-json\/wp\/v2\/types\/post"}],"author":[{"embeddable":true,"href":"https:\/\/www.brainyhouse.com\/pub2\/wp-json\/wp\/v2\/users\/3"}],"replies":[{"embeddable":true,"href":"https:\/\/www.brainyhouse.com\/pub2\/wp-json\/wp\/v2\/comments?post=589"}],"version-history":[{"count":4,"href":"https:\/\/www.brainyhouse.com\/pub2\/wp-json\/wp\/v2\/posts\/589\/revisions"}],"predecessor-version":[{"id":352216,"href":"https:\/\/www.brainyhouse.com\/pub2\/wp-json\/wp\/v2\/posts\/589\/revisions\/352216"}],"wp:featuredmedia":[{"embeddable":true,"href":"https:\/\/www.brainyhouse.com\/pub2\/wp-json\/wp\/v2\/media\/352214"}],"wp:attachment":[{"href":"https:\/\/www.brainyhouse.com\/pub2\/wp-json\/wp\/v2\/media?parent=589"}],"wp:term":[{"taxonomy":"category","embeddable":true,"href":"https:\/\/www.brainyhouse.com\/pub2\/wp-json\/wp\/v2\/categories?post=589"},{"taxonomy":"post_tag","embeddable":true,"href":"https:\/\/www.brainyhouse.com\/pub2\/wp-json\/wp\/v2\/tags?post=589"}],"curies":[{"name":"wp","href":"https:\/\/api.w.org\/{rel}","templated":true}]}}