{"id":545,"date":"2015-09-24T12:00:56","date_gmt":"2015-09-24T10:00:56","guid":{"rendered":"https:\/\/www.brainybiz.com\/pub2\/?p=545"},"modified":"2022-03-06T15:59:16","modified_gmt":"2022-03-06T14:59:16","slug":"interoperabilite-des-volets-profalux-avec-la-domotique","status":"publish","type":"post","link":"https:\/\/www.brainyhouse.com\/pub2\/interoperabilite-des-volets-profalux-avec-la-domotique\/","title":{"rendered":"Interop\u00e9rabilit\u00e9 des volets Profalux avec la domotique"},"content":{"rendered":"\n<p class=\"wp-block-paragraph\">24\/09\/2015, Lausanne<\/p>\n\n\n\n<p class=\"wp-block-paragraph\">Aux termes de tests d&rsquo;interop\u00e9rabilit\u00e9s men\u00e9s conjointement,<\/p>\n\n\n\n<p class=\"wp-block-paragraph\">Brainybiz, int\u00e9grateur et installateur domotique,<br>CLEODE, concepteur de gateway Zigbee,<br>Profalux, fabricant de volets \u00e9lectriques,<\/p>\n\n\n\n<p class=\"wp-block-paragraph\">annoncent la compatibilit\u00e9 des volets Profalux avec les automates domotique propos\u00e9s par Brainybiz, via la gateway Cleode.<\/p>\n\n\n\n<p class=\"wp-block-paragraph\">Il est donc maintenant possible de piloter les volets gr\u00e2ce \u00e0 des sc\u00e9narios (ouverture automatique des volets suivant horaires, \u00e9v\u00e8nements \u2026) ainsi que depuis un smartphone (que l&rsquo;on soit dans l&rsquo;habitat, ou encore \u00e0 l&rsquo;ext\u00e9rieur).<\/p>\n\n\n\n<p class=\"wp-block-paragraph\">Ceci est une avanc\u00e9e non n\u00e9gligeable, puisque jusqu&rsquo;\u00e0 pr\u00e9sent, les volets Profalux \u00e9taient pilotables seulement par la t\u00e9l\u00e9commande fournie.<\/p>\n\n\n\n<figure class=\"wp-block-image\"><img fetchpriority=\"high\" decoding=\"async\" width=\"811\" height=\"458\" src=\"http:\/\/www.brainyhouse.com\/pub2\/wp-content\/uploads\/2017\/08\/brainybiz-interoperabilite-domotique-profalux.jpg\" alt=\"\" class=\"wp-image-547\" srcset=\"https:\/\/www.brainyhouse.com\/pub2\/wp-content\/uploads\/2017\/08\/brainybiz-interoperabilite-domotique-profalux.jpg 811w, https:\/\/www.brainyhouse.com\/pub2\/wp-content\/uploads\/2017\/08\/brainybiz-interoperabilite-domotique-profalux-300x169.jpg 300w, https:\/\/www.brainyhouse.com\/pub2\/wp-content\/uploads\/2017\/08\/brainybiz-interoperabilite-domotique-profalux-768x434.jpg 768w\" sizes=\"(max-width: 811px) 100vw, 811px\" \/><\/figure>\n","protected":false},"excerpt":{"rendered":"<p>24\/09\/2015, Lausanne Aux termes de tests d&rsquo;interop\u00e9rabilit\u00e9s men\u00e9s conjointement, Brainybiz, int\u00e9grateur et installateur domotique,CLEODE, concepteur de gateway Zigbee,Profalux, fabricant de volets \u00e9lectriques, annoncent la compatibilit\u00e9 des volets Profalux avec les automates domotique propos\u00e9s par Brainybiz, via la gateway Cleode. Il est donc maintenant possible de piloter les volets gr\u00e2ce \u00e0 des sc\u00e9narios (ouverture automatique des [&hellip;]<\/p>\n","protected":false},"author":3,"featured_media":546,"comment_status":"open","ping_status":"open","sticky":false,"template":"","format":"standard","meta":{"ocean_front_end_style_editor":"no","ocean_post_layout":"","ocean_both_sidebars_style":"","ocean_both_sidebars_content_width":0,"ocean_both_sidebars_sidebars_width":0,"ocean_sidebar":"0","ocean_second_sidebar":"0","ocean_disable_margins":"enable","ocean_add_body_class":"","ocean_shortcode_before_top_bar":"","ocean_shortcode_after_top_bar":"","ocean_shortcode_before_header":"","ocean_shortcode_after_header":"","ocean_has_shortcode":"","ocean_shortcode_after_title":"","ocean_shortcode_before_footer_widgets":"","ocean_shortcode_after_footer_widgets":"","ocean_shortcode_before_footer_bottom":"","ocean_shortcode_after_footer_bottom":"","ocean_display_top_bar":"default","ocean_display_header":"default","ocean_header_style":"","ocean_center_header_left_menu":"0","ocean_custom_header_template":"0","ocean_custom_logo":0,"ocean_custom_retina_logo":0,"ocean_custom_logo_max_width":0,"ocean_custom_logo_tablet_max_width":0,"ocean_custom_logo_mobile_max_width":0,"ocean_custom_logo_max_height":0,"ocean_custom_logo_tablet_max_height":0,"ocean_custom_logo_mobile_max_height":0,"ocean_header_custom_menu":"0","ocean_menu_typo_font_family":"0","ocean_menu_typo_font_subset":"","ocean_menu_typo_font_size":0,"ocean_menu_typo_font_size_tablet":0,"ocean_menu_typo_font_size_mobile":0,"ocean_menu_typo_font_size_unit":"px","ocean_menu_typo_font_weight":"","ocean_menu_typo_font_weight_tablet":"","ocean_menu_typo_font_weight_mobile":"","ocean_menu_typo_transform":"","ocean_menu_typo_transform_tablet":"","ocean_menu_typo_transform_mobile":"","ocean_menu_typo_line_height":0,"ocean_menu_typo_line_height_tablet":0,"ocean_menu_typo_line_height_mobile":0,"ocean_menu_typo_line_height_unit":"","ocean_menu_typo_spacing":0,"ocean_menu_typo_spacing_tablet":0,"ocean_menu_typo_spacing_mobile":0,"ocean_menu_typo_spacing_unit":"","ocean_menu_link_color":"","ocean_menu_link_color_hover":"","ocean_menu_link_color_active":"","ocean_menu_link_background":"","ocean_menu_link_hover_background":"","ocean_menu_link_active_background":"","ocean_menu_social_links_bg":"","ocean_menu_social_hover_links_bg":"","ocean_menu_social_links_color":"","ocean_menu_social_hover_links_color":"","ocean_disable_title":"default","ocean_disable_heading":"default","ocean_post_title":"","ocean_post_subheading":"","ocean_post_title_style":"","ocean_post_title_background_color":"","ocean_post_title_background":0,"ocean_post_title_bg_image_position":"","ocean_post_title_bg_image_attachment":"","ocean_post_title_bg_image_repeat":"","ocean_post_title_bg_image_size":"","ocean_post_title_height":0,"ocean_post_title_bg_overlay":0.5,"ocean_post_title_bg_overlay_color":"","ocean_disable_breadcrumbs":"default","ocean_breadcrumbs_color":"","ocean_breadcrumbs_separator_color":"","ocean_breadcrumbs_links_color":"","ocean_breadcrumbs_links_hover_color":"","ocean_display_footer_widgets":"default","ocean_display_footer_bottom":"default","ocean_custom_footer_template":"0","ocean_post_oembed":"","ocean_post_self_hosted_media":"","ocean_post_video_embed":"","ocean_link_format":"","ocean_link_format_target":"self","ocean_quote_format":"","ocean_quote_format_link":"post","ocean_gallery_link_images":"off","ocean_gallery_id":[],"footnotes":""},"categories":[50],"tags":[51,57,58],"class_list":["post-545","post","type-post","status-publish","format-standard","has-post-thumbnail","hentry","category-news-domotique","tag-box-domotique","tag-interoperabilite","tag-volets-profalux","entry","has-media"],"yoast_head":"<!-- This site is optimized with the Yoast SEO plugin v28.4 - https:\/\/yoast.com\/product\/yoast-seo-wordpress\/ -->\n<title>Interop\u00e9rabilit\u00e9 des volets Profalux avec la domotique - Brainyhouse, la domotique adapt\u00e9 \u00e0 votre habitat<\/title>\n<meta name=\"description\" content=\"Interop\u00e9rabilit\u00e9 des volets Profalux avec la domotique\" \/>\n<meta name=\"robots\" content=\"index, follow, max-snippet:-1, max-image-preview:large, max-video-preview:-1\" \/>\n<link rel=\"canonical\" href=\"https:\/\/www.brainyhouse.com\/pub2\/interoperabilite-des-volets-profalux-avec-la-domotique\/\" \/>\n<meta property=\"og:locale\" content=\"fr_FR\" \/>\n<meta property=\"og:type\" content=\"article\" \/>\n<meta property=\"og:title\" content=\"Interop\u00e9rabilit\u00e9 des volets Profalux avec la domotique - Brainyhouse, la domotique adapt\u00e9 \u00e0 votre habitat\" \/>\n<meta property=\"og:description\" content=\"Interop\u00e9rabilit\u00e9 des volets Profalux avec la domotique\" \/>\n<meta property=\"og:url\" content=\"https:\/\/www.brainyhouse.com\/pub2\/interoperabilite-des-volets-profalux-avec-la-domotique\/\" \/>\n<meta property=\"og:site_name\" content=\"Brainyhouse, la domotique adapt\u00e9 \u00e0 votre habitat\" \/>\n<meta property=\"article:publisher\" content=\"https:\/\/www.facebook.com\/brainybiz\/\" \/>\n<meta property=\"article:published_time\" content=\"2015-09-24T10:00:56+00:00\" \/>\n<meta property=\"article:modified_time\" content=\"2022-03-06T14:59:16+00:00\" \/>\n<meta property=\"og:image\" content=\"https:\/\/www.brainyhouse.com\/pub2\/wp-content\/uploads\/2017\/08\/interoperabilite-des-volets-profalux-avec-la-domotique.jpg\" \/>\n\t<meta property=\"og:image:width\" content=\"1200\" \/>\n\t<meta property=\"og:image:height\" content=\"600\" \/>\n\t<meta property=\"og:image:type\" content=\"image\/jpeg\" \/>\n<meta name=\"author\" content=\"publication\" \/>\n<meta name=\"twitter:card\" content=\"summary_large_image\" \/>\n<meta name=\"twitter:creator\" content=\"@brainybiz\" \/>\n<meta name=\"twitter:site\" content=\"@brainybiz\" \/>\n<meta name=\"twitter:label1\" content=\"\u00c9crit par\" \/>\n\t<meta name=\"twitter:data1\" content=\"publication\" \/>\n\t<meta name=\"twitter:label2\" content=\"Dur\u00e9e de lecture estim\u00e9e\" \/>\n\t<meta name=\"twitter:data2\" content=\"1 minute\" \/>\n<script type=\"application\/ld+json\" class=\"yoast-schema-graph\">{\"@context\":\"https:\\\/\\\/schema.org\",\"@graph\":[{\"@type\":\"Article\",\"@id\":\"https:\\\/\\\/www.brainyhouse.com\\\/pub2\\\/interoperabilite-des-volets-profalux-avec-la-domotique\\\/#article\",\"isPartOf\":{\"@id\":\"https:\\\/\\\/www.brainyhouse.com\\\/pub2\\\/interoperabilite-des-volets-profalux-avec-la-domotique\\\/\"},\"author\":{\"name\":\"publication\",\"@id\":\"https:\\\/\\\/www.brainyhouse.com\\\/pub2\\\/#\\\/schema\\\/person\\\/fec413ecd92682cd0dbbb3b181c93545\"},\"headline\":\"Interop\u00e9rabilit\u00e9 des volets Profalux avec la domotique\",\"datePublished\":\"2015-09-24T10:00:56+00:00\",\"dateModified\":\"2022-03-06T14:59:16+00:00\",\"mainEntityOfPage\":{\"@id\":\"https:\\\/\\\/www.brainyhouse.com\\\/pub2\\\/interoperabilite-des-volets-profalux-avec-la-domotique\\\/\"},\"wordCount\":117,\"commentCount\":0,\"publisher\":{\"@id\":\"https:\\\/\\\/www.brainyhouse.com\\\/pub2\\\/#organization\"},\"image\":{\"@id\":\"https:\\\/\\\/www.brainyhouse.com\\\/pub2\\\/interoperabilite-des-volets-profalux-avec-la-domotique\\\/#primaryimage\"},\"thumbnailUrl\":\"https:\\\/\\\/www.brainyhouse.com\\\/pub2\\\/wp-content\\\/uploads\\\/2017\\\/08\\\/interoperabilite-des-volets-profalux-avec-la-domotique.jpg\",\"keywords\":[\"box domotique\",\"Interop\u00e9rabilit\u00e9\",\"volets Profalux\"],\"articleSection\":[\"News\"],\"inLanguage\":\"fr-FR\",\"potentialAction\":[{\"@type\":\"CommentAction\",\"name\":\"Comment\",\"target\":[\"https:\\\/\\\/www.brainyhouse.com\\\/pub2\\\/interoperabilite-des-volets-profalux-avec-la-domotique\\\/#respond\"]}]},{\"@type\":\"WebPage\",\"@id\":\"https:\\\/\\\/www.brainyhouse.com\\\/pub2\\\/interoperabilite-des-volets-profalux-avec-la-domotique\\\/\",\"url\":\"https:\\\/\\\/www.brainyhouse.com\\\/pub2\\\/interoperabilite-des-volets-profalux-avec-la-domotique\\\/\",\"name\":\"Interop\u00e9rabilit\u00e9 des volets Profalux avec la domotique - Brainyhouse, la domotique adapt\u00e9 \u00e0 votre habitat\",\"isPartOf\":{\"@id\":\"https:\\\/\\\/www.brainyhouse.com\\\/pub2\\\/#website\"},\"primaryImageOfPage\":{\"@id\":\"https:\\\/\\\/www.brainyhouse.com\\\/pub2\\\/interoperabilite-des-volets-profalux-avec-la-domotique\\\/#primaryimage\"},\"image\":{\"@id\":\"https:\\\/\\\/www.brainyhouse.com\\\/pub2\\\/interoperabilite-des-volets-profalux-avec-la-domotique\\\/#primaryimage\"},\"thumbnailUrl\":\"https:\\\/\\\/www.brainyhouse.com\\\/pub2\\\/wp-content\\\/uploads\\\/2017\\\/08\\\/interoperabilite-des-volets-profalux-avec-la-domotique.jpg\",\"datePublished\":\"2015-09-24T10:00:56+00:00\",\"dateModified\":\"2022-03-06T14:59:16+00:00\",\"description\":\"Interop\u00e9rabilit\u00e9 des volets Profalux avec la domotique\",\"breadcrumb\":{\"@id\":\"https:\\\/\\\/www.brainyhouse.com\\\/pub2\\\/interoperabilite-des-volets-profalux-avec-la-domotique\\\/#breadcrumb\"},\"inLanguage\":\"fr-FR\",\"potentialAction\":[{\"@type\":\"ReadAction\",\"target\":[\"https:\\\/\\\/www.brainyhouse.com\\\/pub2\\\/interoperabilite-des-volets-profalux-avec-la-domotique\\\/\"]}]},{\"@type\":\"ImageObject\",\"inLanguage\":\"fr-FR\",\"@id\":\"https:\\\/\\\/www.brainyhouse.com\\\/pub2\\\/interoperabilite-des-volets-profalux-avec-la-domotique\\\/#primaryimage\",\"url\":\"https:\\\/\\\/www.brainyhouse.com\\\/pub2\\\/wp-content\\\/uploads\\\/2017\\\/08\\\/interoperabilite-des-volets-profalux-avec-la-domotique.jpg\",\"contentUrl\":\"https:\\\/\\\/www.brainyhouse.com\\\/pub2\\\/wp-content\\\/uploads\\\/2017\\\/08\\\/interoperabilite-des-volets-profalux-avec-la-domotique.jpg\",\"width\":1200,\"height\":600,\"caption\":\"interoperabilite des volets profalux avec la domotique\"},{\"@type\":\"BreadcrumbList\",\"@id\":\"https:\\\/\\\/www.brainyhouse.com\\\/pub2\\\/interoperabilite-des-volets-profalux-avec-la-domotique\\\/#breadcrumb\",\"itemListElement\":[{\"@type\":\"ListItem\",\"position\":1,\"name\":\"Accueil\",\"item\":\"https:\\\/\\\/www.brainyhouse.com\\\/pub2\\\/\"},{\"@type\":\"ListItem\",\"position\":2,\"name\":\"Interop\u00e9rabilit\u00e9 des volets Profalux avec la domotique\"}]},{\"@type\":\"WebSite\",\"@id\":\"https:\\\/\\\/www.brainyhouse.com\\\/pub2\\\/#website\",\"url\":\"https:\\\/\\\/www.brainyhouse.com\\\/pub2\\\/\",\"name\":\"Brainyhouse, la domotique adapt\u00e9 \u00e0 votre habitat\",\"description\":\"le partenaire de votre habitat connect\u00e9 \u00e0 lausanne\",\"publisher\":{\"@id\":\"https:\\\/\\\/www.brainyhouse.com\\\/pub2\\\/#organization\"},\"potentialAction\":[{\"@type\":\"SearchAction\",\"target\":{\"@type\":\"EntryPoint\",\"urlTemplate\":\"https:\\\/\\\/www.brainyhouse.com\\\/pub2\\\/?s={search_term_string}\"},\"query-input\":{\"@type\":\"PropertyValueSpecification\",\"valueRequired\":true,\"valueName\":\"search_term_string\"}}],\"inLanguage\":\"fr-FR\"},{\"@type\":\"Organization\",\"@id\":\"https:\\\/\\\/www.brainyhouse.com\\\/pub2\\\/#organization\",\"name\":\"Brainyhouse\",\"url\":\"https:\\\/\\\/www.brainyhouse.com\\\/pub2\\\/\",\"logo\":{\"@type\":\"ImageObject\",\"inLanguage\":\"fr-FR\",\"@id\":\"https:\\\/\\\/www.brainyhouse.com\\\/pub2\\\/#\\\/schema\\\/logo\\\/image\\\/\",\"url\":\"https:\\\/\\\/www.brainyhouse.com\\\/pub2\\\/wp-content\\\/uploads\\\/2022\\\/02\\\/cropped-logo-brainyhouse-300px.png\",\"contentUrl\":\"https:\\\/\\\/www.brainyhouse.com\\\/pub2\\\/wp-content\\\/uploads\\\/2022\\\/02\\\/cropped-logo-brainyhouse-300px.png\",\"width\":300,\"height\":64,\"caption\":\"Brainyhouse\"},\"image\":{\"@id\":\"https:\\\/\\\/www.brainyhouse.com\\\/pub2\\\/#\\\/schema\\\/logo\\\/image\\\/\"},\"sameAs\":[\"https:\\\/\\\/www.facebook.com\\\/brainybiz\\\/\",\"https:\\\/\\\/x.com\\\/brainybiz\",\"https:\\\/\\\/www.linkedin.com\\\/company-beta\\\/1472093\\\/\"]},{\"@type\":\"Person\",\"@id\":\"https:\\\/\\\/www.brainyhouse.com\\\/pub2\\\/#\\\/schema\\\/person\\\/fec413ecd92682cd0dbbb3b181c93545\",\"name\":\"publication\",\"image\":{\"@type\":\"ImageObject\",\"inLanguage\":\"fr-FR\",\"@id\":\"https:\\\/\\\/secure.gravatar.com\\\/avatar\\\/632b65560bfeb3c5468fc3bed4cf71444084a47157e217f9e350b76bec52d4fa?s=96&d=mm&r=g\",\"url\":\"https:\\\/\\\/secure.gravatar.com\\\/avatar\\\/632b65560bfeb3c5468fc3bed4cf71444084a47157e217f9e350b76bec52d4fa?s=96&d=mm&r=g\",\"contentUrl\":\"https:\\\/\\\/secure.gravatar.com\\\/avatar\\\/632b65560bfeb3c5468fc3bed4cf71444084a47157e217f9e350b76bec52d4fa?s=96&d=mm&r=g\",\"caption\":\"publication\"},\"url\":\"https:\\\/\\\/www.brainyhouse.com\\\/pub2\\\/author\\\/publication\\\/\"}]}<\/script>\n<!-- \/ Yoast SEO plugin. -->","yoast_head_json":{"title":"Interop\u00e9rabilit\u00e9 des volets Profalux avec la domotique - Brainyhouse, la domotique adapt\u00e9 \u00e0 votre habitat","description":"Interop\u00e9rabilit\u00e9 des volets Profalux avec la domotique","robots":{"index":"index","follow":"follow","max-snippet":"max-snippet:-1","max-image-preview":"max-image-preview:large","max-video-preview":"max-video-preview:-1"},"canonical":"https:\/\/www.brainyhouse.com\/pub2\/interoperabilite-des-volets-profalux-avec-la-domotique\/","og_locale":"fr_FR","og_type":"article","og_title":"Interop\u00e9rabilit\u00e9 des volets Profalux avec la domotique - Brainyhouse, la domotique adapt\u00e9 \u00e0 votre habitat","og_description":"Interop\u00e9rabilit\u00e9 des volets Profalux avec la domotique","og_url":"https:\/\/www.brainyhouse.com\/pub2\/interoperabilite-des-volets-profalux-avec-la-domotique\/","og_site_name":"Brainyhouse, la domotique adapt\u00e9 \u00e0 votre habitat","article_publisher":"https:\/\/www.facebook.com\/brainybiz\/","article_published_time":"2015-09-24T10:00:56+00:00","article_modified_time":"2022-03-06T14:59:16+00:00","og_image":[{"width":1200,"height":600,"url":"https:\/\/www.brainyhouse.com\/pub2\/wp-content\/uploads\/2017\/08\/interoperabilite-des-volets-profalux-avec-la-domotique.jpg","type":"image\/jpeg"}],"author":"publication","twitter_card":"summary_large_image","twitter_creator":"@brainybiz","twitter_site":"@brainybiz","twitter_misc":{"\u00c9crit par":"publication","Dur\u00e9e de lecture estim\u00e9e":"1 minute"},"schema":{"@context":"https:\/\/schema.org","@graph":[{"@type":"Article","@id":"https:\/\/www.brainyhouse.com\/pub2\/interoperabilite-des-volets-profalux-avec-la-domotique\/#article","isPartOf":{"@id":"https:\/\/www.brainyhouse.com\/pub2\/interoperabilite-des-volets-profalux-avec-la-domotique\/"},"author":{"name":"publication","@id":"https:\/\/www.brainyhouse.com\/pub2\/#\/schema\/person\/fec413ecd92682cd0dbbb3b181c93545"},"headline":"Interop\u00e9rabilit\u00e9 des volets Profalux avec la domotique","datePublished":"2015-09-24T10:00:56+00:00","dateModified":"2022-03-06T14:59:16+00:00","mainEntityOfPage":{"@id":"https:\/\/www.brainyhouse.com\/pub2\/interoperabilite-des-volets-profalux-avec-la-domotique\/"},"wordCount":117,"commentCount":0,"publisher":{"@id":"https:\/\/www.brainyhouse.com\/pub2\/#organization"},"image":{"@id":"https:\/\/www.brainyhouse.com\/pub2\/interoperabilite-des-volets-profalux-avec-la-domotique\/#primaryimage"},"thumbnailUrl":"https:\/\/www.brainyhouse.com\/pub2\/wp-content\/uploads\/2017\/08\/interoperabilite-des-volets-profalux-avec-la-domotique.jpg","keywords":["box domotique","Interop\u00e9rabilit\u00e9","volets Profalux"],"articleSection":["News"],"inLanguage":"fr-FR","potentialAction":[{"@type":"CommentAction","name":"Comment","target":["https:\/\/www.brainyhouse.com\/pub2\/interoperabilite-des-volets-profalux-avec-la-domotique\/#respond"]}]},{"@type":"WebPage","@id":"https:\/\/www.brainyhouse.com\/pub2\/interoperabilite-des-volets-profalux-avec-la-domotique\/","url":"https:\/\/www.brainyhouse.com\/pub2\/interoperabilite-des-volets-profalux-avec-la-domotique\/","name":"Interop\u00e9rabilit\u00e9 des volets Profalux avec la domotique - Brainyhouse, la domotique adapt\u00e9 \u00e0 votre habitat","isPartOf":{"@id":"https:\/\/www.brainyhouse.com\/pub2\/#website"},"primaryImageOfPage":{"@id":"https:\/\/www.brainyhouse.com\/pub2\/interoperabilite-des-volets-profalux-avec-la-domotique\/#primaryimage"},"image":{"@id":"https:\/\/www.brainyhouse.com\/pub2\/interoperabilite-des-volets-profalux-avec-la-domotique\/#primaryimage"},"thumbnailUrl":"https:\/\/www.brainyhouse.com\/pub2\/wp-content\/uploads\/2017\/08\/interoperabilite-des-volets-profalux-avec-la-domotique.jpg","datePublished":"2015-09-24T10:00:56+00:00","dateModified":"2022-03-06T14:59:16+00:00","description":"Interop\u00e9rabilit\u00e9 des volets Profalux avec la domotique","breadcrumb":{"@id":"https:\/\/www.brainyhouse.com\/pub2\/interoperabilite-des-volets-profalux-avec-la-domotique\/#breadcrumb"},"inLanguage":"fr-FR","potentialAction":[{"@type":"ReadAction","target":["https:\/\/www.brainyhouse.com\/pub2\/interoperabilite-des-volets-profalux-avec-la-domotique\/"]}]},{"@type":"ImageObject","inLanguage":"fr-FR","@id":"https:\/\/www.brainyhouse.com\/pub2\/interoperabilite-des-volets-profalux-avec-la-domotique\/#primaryimage","url":"https:\/\/www.brainyhouse.com\/pub2\/wp-content\/uploads\/2017\/08\/interoperabilite-des-volets-profalux-avec-la-domotique.jpg","contentUrl":"https:\/\/www.brainyhouse.com\/pub2\/wp-content\/uploads\/2017\/08\/interoperabilite-des-volets-profalux-avec-la-domotique.jpg","width":1200,"height":600,"caption":"interoperabilite des volets profalux avec la domotique"},{"@type":"BreadcrumbList","@id":"https:\/\/www.brainyhouse.com\/pub2\/interoperabilite-des-volets-profalux-avec-la-domotique\/#breadcrumb","itemListElement":[{"@type":"ListItem","position":1,"name":"Accueil","item":"https:\/\/www.brainyhouse.com\/pub2\/"},{"@type":"ListItem","position":2,"name":"Interop\u00e9rabilit\u00e9 des volets Profalux avec la domotique"}]},{"@type":"WebSite","@id":"https:\/\/www.brainyhouse.com\/pub2\/#website","url":"https:\/\/www.brainyhouse.com\/pub2\/","name":"Brainyhouse, la domotique adapt\u00e9 \u00e0 votre habitat","description":"le partenaire de votre habitat connect\u00e9 \u00e0 lausanne","publisher":{"@id":"https:\/\/www.brainyhouse.com\/pub2\/#organization"},"potentialAction":[{"@type":"SearchAction","target":{"@type":"EntryPoint","urlTemplate":"https:\/\/www.brainyhouse.com\/pub2\/?s={search_term_string}"},"query-input":{"@type":"PropertyValueSpecification","valueRequired":true,"valueName":"search_term_string"}}],"inLanguage":"fr-FR"},{"@type":"Organization","@id":"https:\/\/www.brainyhouse.com\/pub2\/#organization","name":"Brainyhouse","url":"https:\/\/www.brainyhouse.com\/pub2\/","logo":{"@type":"ImageObject","inLanguage":"fr-FR","@id":"https:\/\/www.brainyhouse.com\/pub2\/#\/schema\/logo\/image\/","url":"https:\/\/www.brainyhouse.com\/pub2\/wp-content\/uploads\/2022\/02\/cropped-logo-brainyhouse-300px.png","contentUrl":"https:\/\/www.brainyhouse.com\/pub2\/wp-content\/uploads\/2022\/02\/cropped-logo-brainyhouse-300px.png","width":300,"height":64,"caption":"Brainyhouse"},"image":{"@id":"https:\/\/www.brainyhouse.com\/pub2\/#\/schema\/logo\/image\/"},"sameAs":["https:\/\/www.facebook.com\/brainybiz\/","https:\/\/x.com\/brainybiz","https:\/\/www.linkedin.com\/company-beta\/1472093\/"]},{"@type":"Person","@id":"https:\/\/www.brainyhouse.com\/pub2\/#\/schema\/person\/fec413ecd92682cd0dbbb3b181c93545","name":"publication","image":{"@type":"ImageObject","inLanguage":"fr-FR","@id":"https:\/\/secure.gravatar.com\/avatar\/632b65560bfeb3c5468fc3bed4cf71444084a47157e217f9e350b76bec52d4fa?s=96&d=mm&r=g","url":"https:\/\/secure.gravatar.com\/avatar\/632b65560bfeb3c5468fc3bed4cf71444084a47157e217f9e350b76bec52d4fa?s=96&d=mm&r=g","contentUrl":"https:\/\/secure.gravatar.com\/avatar\/632b65560bfeb3c5468fc3bed4cf71444084a47157e217f9e350b76bec52d4fa?s=96&d=mm&r=g","caption":"publication"},"url":"https:\/\/www.brainyhouse.com\/pub2\/author\/publication\/"}]}},"_links":{"self":[{"href":"https:\/\/www.brainyhouse.com\/pub2\/wp-json\/wp\/v2\/posts\/545","targetHints":{"allow":["GET"]}}],"collection":[{"href":"https:\/\/www.brainyhouse.com\/pub2\/wp-json\/wp\/v2\/posts"}],"about":[{"href":"https:\/\/www.brainyhouse.com\/pub2\/wp-json\/wp\/v2\/types\/post"}],"author":[{"embeddable":true,"href":"https:\/\/www.brainyhouse.com\/pub2\/wp-json\/wp\/v2\/users\/3"}],"replies":[{"embeddable":true,"href":"https:\/\/www.brainyhouse.com\/pub2\/wp-json\/wp\/v2\/comments?post=545"}],"version-history":[{"count":2,"href":"https:\/\/www.brainyhouse.com\/pub2\/wp-json\/wp\/v2\/posts\/545\/revisions"}],"predecessor-version":[{"id":352236,"href":"https:\/\/www.brainyhouse.com\/pub2\/wp-json\/wp\/v2\/posts\/545\/revisions\/352236"}],"wp:featuredmedia":[{"embeddable":true,"href":"https:\/\/www.brainyhouse.com\/pub2\/wp-json\/wp\/v2\/media\/546"}],"wp:attachment":[{"href":"https:\/\/www.brainyhouse.com\/pub2\/wp-json\/wp\/v2\/media?parent=545"}],"wp:term":[{"taxonomy":"category","embeddable":true,"href":"https:\/\/www.brainyhouse.com\/pub2\/wp-json\/wp\/v2\/categories?post=545"},{"taxonomy":"post_tag","embeddable":true,"href":"https:\/\/www.brainyhouse.com\/pub2\/wp-json\/wp\/v2\/tags?post=545"}],"curies":[{"name":"wp","href":"https:\/\/api.w.org\/{rel}","templated":true}]}}